{"id":7130,"date":"2016-01-29T11:35:08","date_gmt":"2016-01-29T17:35:08","guid":{"rendered":"https:\/\/iki-alliance.mx\/mexiko-kolumbien-und-costa-rica-arbeiten-an-bewertungs-und-anrechnungsregeln-ihrer-klimaziele\/"},"modified":"2018-10-01T14:32:07","modified_gmt":"2018-10-01T19:32:07","slug":"mexiko-kolumbien-und-costa-rica-arbeiten-an-bewertungs-und-anrechnungsregeln-ihrer-klimaziele","status":"publish","type":"post","link":"https:\/\/iki-alliance.mx\/en\/mexiko-kolumbien-und-costa-rica-arbeiten-an-bewertungs-und-anrechnungsregeln-ihrer-klimaziele\/","title":{"rendered":"Mexiko, Kolumbien und Costa Rica arbeiten an Bewertungs- und Anrechnungsregeln ihrer Klimaziele"},"content":{"rendered":"<p>Nach der Weltklimakonferenz im Dezember, arbeiten Costa Rica, Kolumbien und Mexiko an der Entwicklung von anerkannten Bewertungs- und Anrechnungsmethoden. Diese sollen es den L\u00e4ndern erm\u00f6glichen die Fortschritte bei der Erreichung ihrer eingereichten Klimaziele nachzuverfolgen und nachvollziehbar zu belegen.<!--more--><\/p>\n<figure id=\"attachment_4349\" aria-describedby=\"caption-attachment-4349\" style=\"width: 250px\" class=\"wp-caption alignright\"><a href=\"https:\/\/iki-alliance.mx\/wp-content\/uploads\/20160128_085436.jpg\"><img loading=\"lazy\" decoding=\"async\" class=\"size-medium wp-image-4349\" src=\"https:\/\/iki-alliance.mx\/wp-content\/uploads\/20160128_085436-250x140.jpg\" alt=\"Teilnehmer des Workshops\" width=\"250\" height=\"140\" \/><\/a><figcaption id=\"caption-attachment-4349\" class=\"wp-caption-text\">Teilnehmer des Workshops<\/figcaption><\/figure>\n<p>Im Rahmen eines Workshops analysierten Teilnehmer aus Costa Rica, Kolumbien und Mexiko die auf der COP21 getroffenen Entscheidungen in Bezug auf die verwandten Themen Messung, Berichterstattung und Verifizierung (MRV) sowie Transparenz und Anrechnungsregeln. \u00a0Ziel war es, auf Basis der bereits etablierten MRV-Systeme der drei L\u00e4nder, Aktionslinien zur Institutionalisierung\u00a0 der Anrechnungsregeln f\u00fcr die Emissionsminderungsziele zu identifizieren.<\/p>\n<p>Die fachlichen Diskussionen drehten sich unter anderem um folgende Themen:<\/p>\n<ul>\n<li>Institutionalisierung von Anrechnungsregeln f\u00fcr Minderungsziele;<\/li>\n<li>Verkn\u00fcpfung der Anrechnungssysteme mit den nationalen MRV-Systemen;<\/li>\n<li>Spezifische Anrechnungsregeln f\u00fcr den Landnutzungssektor (AFOLU);<\/li>\n<li>Indikatoren zur Nachverfolgung nationaler Finanzstr\u00f6me des \u00f6ffentlichen Sektors im Klimabereich sowie die Vermeidung von Doppelz\u00e4hlungen aus dem Kohlenstoffmarkt; und<\/li>\n<li>Die Integration von Monitoring- und Evaluierung der Anpassungsergebnisse des nationalen Minderungsbeitrags.<\/li>\n<\/ul>\n<p>Der Workshop fand am 28. und 29. Januar 2016 in Santa Marta, Kolumbien statt und wurde vom Vorhaben \u201eAnrechnungsregeln f\u00fcr die Erreichung von Emissionsminderungszielen von Nicht-Annex-1-L\u00e4ndern\u201c der Deutschen Gesellschaft f\u00fcr Internationale Zusammenarbeit (GIZ) GmbH im Auftrag des Bundesministeriums f\u00fcr Umwelt, Naturschutz, Bau und Reaktorsicherheit (BMUB) organisiert.<\/p>\n<figure id=\"attachment_4350\" aria-describedby=\"caption-attachment-4350\" style=\"width: 474px\" class=\"wp-caption aligncenter\"><a href=\"https:\/\/iki-alliance.mx\/wp-content\/uploads\/100_2874.jpg\"><img loading=\"lazy\" decoding=\"async\" class=\"size-large wp-image-4350\" src=\"https:\/\/iki-alliance.mx\/wp-content\/uploads\/100_2874-700x411.jpg\" alt=\"Teilnehmer des Workshops\" width=\"474\" height=\"278\" \/><\/a><figcaption id=\"caption-attachment-4350\" class=\"wp-caption-text\">Teilnehmer des Workshops<\/figcaption><\/figure>\n<p>An dem Workshop haben die politischen Tr\u00e4ger des Vorhabens in Kolumbien, Costa Rica und Mexiko, sowie deutsche und internationale Fachexperten teilgenommen. Das chilenische Umweltministerium und die Europ\u00e4ische Umweltagentur teilten ihre Erfahrungen in der Entwicklung von integrierten MRV-Systemen und Anrechnungsregeln.<\/p>\n<p>Agenda und Protokoll des Workshops (in Spanisch):<\/p>\n<p>[wpfilebase tag=file id=367 \/]<\/p>\n<p>[wpfilebase tag=file id=368 \/]<\/p>\n<p>Pr\u00e4sentationen des Workshops (in Spanisch):<\/p>\n<p>[wpfilebase tag=browser id=89 \/]<\/p>\n<p>Weitere relevante Dokumente:<\/p>\n<p><a href=\"http:\/\/onlinelibrary.wiley.com\/doi\/10.1002\/ev.20135\/abstract\" target=\"_blank\" rel=\"noopener\">Linking Monitoring and Evalutation of Adaptation to Climate Change Across Scales <\/a>(Timo Leiter)<\/p>\n<p>&nbsp;<\/p>\n","protected":false},"excerpt":{"rendered":"<p>Nach der Weltklimakonferenz im Dezember, arbeiten Costa Rica, Kolumbien und Mexiko an der Entwicklung von anerkannten Bewertungs- und Anrechnungsmethoden. Diese sollen es den L\u00e4ndern erm\u00f6glichen die Fortschritte bei der Erreichung ihrer eingereichten Klimaziele nachzuverfolgen und nachvollziehbar zu belegen.<\/p>\n","protected":false},"author":84,"featured_media":7131,"comment_status":"closed","ping_status":"open","sticky":false,"template":"","format":"standard","meta":{"_acf_changed":false,"footnotes":""},"categories":[673],"tags":[311,99],"tax1":[],"tax2":[],"tax3":[],"tax4":[],"class_list":["post-7130","post","type-post","status-publish","format-standard","has-post-thumbnail","hentry","category-climate-action","tag-klimapolitik-es","tag-minderungsziele"],"acf":[],"_links":{"self":[{"href":"https:\/\/iki-alliance.mx\/en\/wp-json\/wp\/v2\/posts\/7130","targetHints":{"allow":["GET"]}}],"collection":[{"href":"https:\/\/iki-alliance.mx\/en\/wp-json\/wp\/v2\/posts"}],"about":[{"href":"https:\/\/iki-alliance.mx\/en\/wp-json\/wp\/v2\/types\/post"}],"author":[{"embeddable":true,"href":"https:\/\/iki-alliance.mx\/en\/wp-json\/wp\/v2\/users\/84"}],"replies":[{"embeddable":true,"href":"https:\/\/iki-alliance.mx\/en\/wp-json\/wp\/v2\/comments?post=7130"}],"version-history":[{"count":2,"href":"https:\/\/iki-alliance.mx\/en\/wp-json\/wp\/v2\/posts\/7130\/revisions"}],"predecessor-version":[{"id":13067,"href":"https:\/\/iki-alliance.mx\/en\/wp-json\/wp\/v2\/posts\/7130\/revisions\/13067"}],"wp:featuredmedia":[{"embeddable":true,"href":"https:\/\/iki-alliance.mx\/en\/wp-json\/wp\/v2\/media\/7131"}],"wp:attachment":[{"href":"https:\/\/iki-alliance.mx\/en\/wp-json\/wp\/v2\/media?parent=7130"}],"wp:term":[{"taxonomy":"category","embeddable":true,"href":"https:\/\/iki-alliance.mx\/en\/wp-json\/wp\/v2\/categories?post=7130"},{"taxonomy":"post_tag","embeddable":true,"href":"https:\/\/iki-alliance.mx\/en\/wp-json\/wp\/v2\/tags?post=7130"},{"taxonomy":"tax1","embeddable":true,"href":"https:\/\/iki-alliance.mx\/en\/wp-json\/wp\/v2\/tax1?post=7130"},{"taxonomy":"tax2","embeddable":true,"href":"https:\/\/iki-alliance.mx\/en\/wp-json\/wp\/v2\/tax2?post=7130"},{"taxonomy":"tax3","embeddable":true,"href":"https:\/\/iki-alliance.mx\/en\/wp-json\/wp\/v2\/tax3?post=7130"},{"taxonomy":"tax4","embeddable":true,"href":"https:\/\/iki-alliance.mx\/en\/wp-json\/wp\/v2\/tax4?post=7130"}],"curies":[{"name":"wp","href":"https:\/\/api.w.org\/{rel}","templated":true}]}}