{"id":29619,"date":"2022-08-09T09:30:50","date_gmt":"2022-08-09T14:30:50","guid":{"rendered":"https:\/\/iki-alliance.mx\/generacion-verde-ffvi-2022\/"},"modified":"2023-01-27T14:50:19","modified_gmt":"2023-01-27T20:50:19","slug":"generacion-verde-ffvi-2022","status":"publish","type":"post","link":"https:\/\/iki-alliance.mx\/en\/generacion-verde-ffvi-2022\/","title":{"rendered":"Green Generation: Youth join the Green and Inclusive Finance Festival 2022"},"content":{"rendered":"<p>Mobilising finance is key to addressing climate change and moving towards low-carbon and resilient economies. These efforts require multi-stakeholder and multi-sector collaboration that include <strong>youth<\/strong>, who are contributing to increasing the resilience of their communities by proposing innovative solutions, leading climate action and driving change for the sustainable future we all want to build.<\/p>\n<p>Considering the importance of their inclusion, as part of the Festival of Green and Inclusive Finance 2022 (<a href=\"https:\/\/financiamientoverdeincluyente.com\/festival-financiamiento-verde-incluyente-2022.html#registro\">FFVI<\/a>), the Working Group on Sustainable, Green and Climate Finance (GT-FIN SVC) of the <em>Deutsche Gesellschaft f\u00fcr Internationale Zusammenarbeit (GIZ) GmbH<\/em> and the <a href=\"https:\/\/tec.mx\/\">Tecnol\u00f3gico de Monterrey<\/a> launched the national call &#8220;<a href=\"https:\/\/financiamientoverdeincluyente.com\/juventudes.html\">Youth in Action for Green Finance<\/a>&#8220;. It aimed to create a space for dialogue for four youth projects to share their initiatives and achievements, and discuss the opportunities and challenges they face in financing the implementation of the Sustainable Development Goals (SDGs) and the Paris Agreement.<\/p>\n<p style=\"text-align: center;\"><iframe loading=\"lazy\" title=\"YouTube video player\" src=\"https:\/\/www.youtube.com\/embed\/QO48RBsP0jo\" width=\"560\" height=\"315\" frameborder=\"0\" allowfullscreen=\"allowfullscreen\"><\/iframe><\/p>\n<p>The four innovative projects selected from the call for proposals were presented during the &#8220;Youth in Action for Green Finance&#8221; session on the third day of the FFVI, where in addition to presenting their projects, the panellists engaged in a discussion about the central role of youth in driving green and inclusive finance, the impact of their projects in promoting the greening of the financial system, social inclusion and climate ambition. One thing that unites these projects, as Daisy \u00c1lvarez pointed out, is that they seek &#8220;holistic solutions, which consider all possible approaches to sustainable development&#8221;.<\/p>\n<figure id=\"attachment_28602\" aria-describedby=\"caption-attachment-28602\" style=\"width: 640px\" class=\"wp-caption aligncenter\"><img loading=\"lazy\" decoding=\"async\" class=\"wp-image-28602 size-large\" src=\"https:\/\/iki-alliance.mx\/wp-content\/uploads\/\/FFVI_Juventudes-1-1-700x467.jpg\" alt=\"\" width=\"640\" height=\"427\" srcset=\"https:\/\/iki-alliance.mx\/wp-content\/uploads\/FFVI_Juventudes-1-1-700x467.jpg 700w, https:\/\/iki-alliance.mx\/wp-content\/uploads\/FFVI_Juventudes-1-1-360x240.jpg 360w, https:\/\/iki-alliance.mx\/wp-content\/uploads\/FFVI_Juventudes-1-1-768x513.jpg 768w, https:\/\/iki-alliance.mx\/wp-content\/uploads\/FFVI_Juventudes-1-1.jpg 800w\" sizes=\"auto, (max-width: 640px) 100vw, 640px\" \/><figcaption id=\"caption-attachment-28602\" class=\"wp-caption-text\">From left to right: Daniela Carre\u00f3n of EFT Verde; Ivan Mendoza from SMAR J\u00f1atjo&#8217;o; Emiliano Reyes, Technical Advisor of GIZ Mexico; Graciela Rivera from EnerYOU and Daisy \u00c1lvarez from Building green and sustainable spaces for all \/ \u00a9 Antonio Herrera, 2022.<\/figcaption><\/figure>\n<p>Below are the projects that participated in the FFVI:<\/p>\n<h3><strong>EFT Verde &#8211; Daniela Carre\u00f3n<\/strong><\/h3>\n<p><a href=\"https:\/\/twitter.com\/ClimaGIZMx\/status\/1537133750282338307?s=20&amp;t=t2v1FId0b59vKiOYQEnujg\">ETT Verde<\/a> proposes an investment fund initiative made up of a diverse portfolio of shares, bonds and commodities that seek to match the performance of an index, in this case of sustainable and socially responsible companies. Its goal is to generate a common heritage, a plurality of investments representing sustainable society where individual returns are established according to collective results. This academic initiative signals a real opportunity for the financial sector to take climate action.<\/p>\n<figure id=\"attachment_28823\" aria-describedby=\"caption-attachment-28823\" style=\"width: 467px\" class=\"wp-caption aligncenter\"><img loading=\"lazy\" decoding=\"async\" class=\"size-large wp-image-28823\" src=\"https:\/\/iki-alliance.mx\/wp-content\/uploads\/FFVI_Juventudes_Daniela1-467x700.jpg\" alt=\"\" width=\"467\" height=\"700\" srcset=\"https:\/\/iki-alliance.mx\/wp-content\/uploads\/FFVI_Juventudes_Daniela1-467x700.jpg 467w, https:\/\/iki-alliance.mx\/wp-content\/uploads\/FFVI_Juventudes_Daniela1-240x360.jpg 240w, https:\/\/iki-alliance.mx\/wp-content\/uploads\/FFVI_Juventudes_Daniela1-768x1151.jpg 768w, https:\/\/iki-alliance.mx\/wp-content\/uploads\/FFVI_Juventudes_Daniela1-1025x1536.jpg 1025w, https:\/\/iki-alliance.mx\/wp-content\/uploads\/FFVI_Juventudes_Daniela1-1367x2048.jpg 1367w, https:\/\/iki-alliance.mx\/wp-content\/uploads\/FFVI_Juventudes_Daniela1-scaled.jpg 1708w\" sizes=\"auto, (max-width: 467px) 100vw, 467px\" \/><figcaption id=\"caption-attachment-28823\" class=\"wp-caption-text\">Daniela Carre\u00f3n from EFT Verde during the Green and Inclusive Financing Festival 2022 \/ \u00a9 Antonio Herrera, 2022.<\/figcaption><\/figure>\n<h3><strong>EnerYOU: Women for Sustainability Fellowship &#8211; Graciela Rivera<\/strong><\/h3>\n<p>The Women for Sustainability Scholarship (MXS Scholarship) is a co-investment initiative driven by the EdTech startup, <a href=\"https:\/\/twitter.com\/ClimaGIZMx\/status\/1537133769727123456?s=20&amp;t=t2v1FId0b59vKiOYQEnujg\">EnerYOU<\/a>, to reduce the gaps between knowledge, education and professionalisation, as well as to strengthen the labour inclusion of women in the energy and sustainability sector. Through professionalisation and knowledge creation, they will be able to contribute to climate action solutions that improve the planet and the communities in which they operate.<\/p>\n<figure id=\"attachment_28826\" aria-describedby=\"caption-attachment-28826\" style=\"width: 640px\" class=\"wp-caption aligncenter\"><img loading=\"lazy\" decoding=\"async\" class=\"size-large wp-image-28826\" src=\"https:\/\/iki-alliance.mx\/wp-content\/uploads\/FFVI_Juventudes_Graciela1-700x467.jpeg\" alt=\"\" width=\"640\" height=\"427\" srcset=\"https:\/\/iki-alliance.mx\/wp-content\/uploads\/FFVI_Juventudes_Graciela1-700x467.jpeg 700w, https:\/\/iki-alliance.mx\/wp-content\/uploads\/FFVI_Juventudes_Graciela1-360x240.jpeg 360w, https:\/\/iki-alliance.mx\/wp-content\/uploads\/FFVI_Juventudes_Graciela1-768x512.jpeg 768w, https:\/\/iki-alliance.mx\/wp-content\/uploads\/FFVI_Juventudes_Graciela1-1536x1025.jpeg 1536w, https:\/\/iki-alliance.mx\/wp-content\/uploads\/FFVI_Juventudes_Graciela1-2048x1367.jpeg 2048w\" sizes=\"auto, (max-width: 640px) 100vw, 640px\" \/><figcaption id=\"caption-attachment-28826\" class=\"wp-caption-text\">Graciela Rivera from EnerYOU during the Green and Inclusive Financing Festival 2022 \/ \u00a9 Antonio Herrera, 2022.<\/figcaption><\/figure>\n<h3><strong>Mazahua High Yield Maize System. SMAR J\u00f1atjo&#8217;o &#8211; Ivan Mendoza<\/strong><\/h3>\n<p><a href=\"https:\/\/twitter.com\/ClimaGIZMx\/status\/1537133741524533259?s=20&amp;t=t2v1FId0b59vKiOYQEnujg\">SMAR J\u00f1atjo&#8217;o<\/a> seeks to connect the Mazahua community with ethical and profitable livelihood opportunities through the fusion of traditional knowledge and technology, with the aim of slowing soil erosion through ethical and sustainable agricultural processes. This project highlights the importance of including communities that face greater vulnerability to climate change, such as indigenous peoples, considering that Mexico&#8217;s natural system is sensitive to climate change and is exacerbated by anthropogenic activities such as land use change, mainly due to agricultural activities (<a href=\"https:\/\/unfccc.int\/sites\/default\/files\/resource\/2022_adcom_mexico.pdf\">ADCOM<\/a>, 2022).<\/p>\n<figure id=\"attachment_28829\" aria-describedby=\"caption-attachment-28829\" style=\"width: 467px\" class=\"wp-caption aligncenter\"><img loading=\"lazy\" decoding=\"async\" class=\"size-large wp-image-28829\" src=\"https:\/\/iki-alliance.mx\/wp-content\/uploads\/FFVI_Juventudes_Ivan1-467x700.jpg\" alt=\"\" width=\"467\" height=\"700\" srcset=\"https:\/\/iki-alliance.mx\/wp-content\/uploads\/FFVI_Juventudes_Ivan1-467x700.jpg 467w, https:\/\/iki-alliance.mx\/wp-content\/uploads\/FFVI_Juventudes_Ivan1-240x360.jpg 240w, https:\/\/iki-alliance.mx\/wp-content\/uploads\/FFVI_Juventudes_Ivan1-768x1151.jpg 768w, https:\/\/iki-alliance.mx\/wp-content\/uploads\/FFVI_Juventudes_Ivan1-1025x1536.jpg 1025w, https:\/\/iki-alliance.mx\/wp-content\/uploads\/FFVI_Juventudes_Ivan1-1367x2048.jpg 1367w, https:\/\/iki-alliance.mx\/wp-content\/uploads\/FFVI_Juventudes_Ivan1-scaled.jpg 1708w\" sizes=\"auto, (max-width: 467px) 100vw, 467px\" \/><figcaption id=\"caption-attachment-28829\" class=\"wp-caption-text\">Iv\u00e1n Mendoza from SMAR J\u00f1atjo during the Green and Inclusive Financing Festival 2022 \/ \u00a9 Antonio Herrera, 2022.<\/figcaption><\/figure>\n<h3><strong>Building green and sustainable spaces for all &#8211; Daisy \u00c1lvarez<\/strong><\/h3>\n<p>The <a href=\"https:\/\/twitter.com\/ClimaGIZMx\/status\/1537133759828529157?s=20&amp;t=t2v1FId0b59vKiOYQEnujg\">Building Green and Sustainable Spaces for All <\/a>\u00a0project seeks the collaborative retrofitting of public spaces through sustainable structures such as planters with recycled materials, drip irrigation, phytoremediation for urban water and soil, and self-supply of electricity, which respond to and involve communities.<\/p>\n<figure id=\"attachment_28832\" aria-describedby=\"caption-attachment-28832\" style=\"width: 640px\" class=\"wp-caption aligncenter\"><img loading=\"lazy\" decoding=\"async\" class=\"size-large wp-image-28832\" src=\"https:\/\/iki-alliance.mx\/wp-content\/uploads\/FFVI_Juventudes_Daisy1-700x467.jpeg\" alt=\"\" width=\"640\" height=\"427\" srcset=\"https:\/\/iki-alliance.mx\/wp-content\/uploads\/FFVI_Juventudes_Daisy1-700x467.jpeg 700w, https:\/\/iki-alliance.mx\/wp-content\/uploads\/FFVI_Juventudes_Daisy1-360x240.jpeg 360w, https:\/\/iki-alliance.mx\/wp-content\/uploads\/FFVI_Juventudes_Daisy1-768x512.jpeg 768w, https:\/\/iki-alliance.mx\/wp-content\/uploads\/FFVI_Juventudes_Daisy1-1536x1025.jpeg 1536w, https:\/\/iki-alliance.mx\/wp-content\/uploads\/FFVI_Juventudes_Daisy1-2048x1367.jpeg 2048w\" sizes=\"auto, (max-width: 640px) 100vw, 640px\" \/><figcaption id=\"caption-attachment-28832\" class=\"wp-caption-text\">Daisy \u00c1lvarez from Building green and sustainable spaces for all during the Green and Inclusive Financing Festival 2022 \/ \u00a9 Antonio Herrera, 2022.<\/figcaption><\/figure>\n<p>Youth are at the centre of climate action and are agents of change seeking to build a sustainable future. Creating spaces for multi-stakeholder dialogue that includes them is crucial to catalyse climate ambition and spread the word about the projects already underway.<\/p>\n<p>We hope that by learning about these projects &#8220;more young people will believe and see that it is possible to make gradual progress on climate change issues with high-value projects&#8221;, as Ivan Mendoza said. Be part of the green generation!<\/p>\n<p>&nbsp;<\/p>\n<h2><strong>Get to know the factsheet with the FFVI youth projects:<\/strong><\/h2>\n<p><img loading=\"lazy\" decoding=\"async\" class=\"size-large wp-image-28835 aligncenter\" src=\"https:\/\/iki-alliance.mx\/wp-content\/uploads\/\/InfografiaJuventudes_A-541x700.jpg\" alt=\"\" width=\"541\" height=\"700\" srcset=\"https:\/\/iki-alliance.mx\/wp-content\/uploads\/InfografiaJuventudes_A-541x700.jpg 541w, https:\/\/iki-alliance.mx\/wp-content\/uploads\/InfografiaJuventudes_A-278x360.jpg 278w, https:\/\/iki-alliance.mx\/wp-content\/uploads\/InfografiaJuventudes_A-768x994.jpg 768w, https:\/\/iki-alliance.mx\/wp-content\/uploads\/InfografiaJuventudes_A-1187x1536.jpg 1187w, https:\/\/iki-alliance.mx\/wp-content\/uploads\/InfografiaJuventudes_A-1582x2048.jpg 1582w, https:\/\/iki-alliance.mx\/wp-content\/uploads\/InfografiaJuventudes_A.jpg 1698w\" sizes=\"auto, (max-width: 541px) 100vw, 541px\" \/> <img loading=\"lazy\" decoding=\"async\" class=\"size-large wp-image-28838 aligncenter\" src=\"https:\/\/iki-alliance.mx\/wp-content\/uploads\/\/InfografiaJuventudes_B-541x700.jpg\" alt=\"\" width=\"541\" height=\"700\" srcset=\"https:\/\/iki-alliance.mx\/wp-content\/uploads\/InfografiaJuventudes_B-541x700.jpg 541w, https:\/\/iki-alliance.mx\/wp-content\/uploads\/InfografiaJuventudes_B-278x360.jpg 278w, https:\/\/iki-alliance.mx\/wp-content\/uploads\/InfografiaJuventudes_B-768x994.jpg 768w, https:\/\/iki-alliance.mx\/wp-content\/uploads\/InfografiaJuventudes_B-1186x1536.jpg 1186w, https:\/\/iki-alliance.mx\/wp-content\/uploads\/InfografiaJuventudes_B-1582x2048.jpg 1582w, https:\/\/iki-alliance.mx\/wp-content\/uploads\/InfografiaJuventudes_B.jpg 1699w\" sizes=\"auto, (max-width: 541px) 100vw, 541px\" \/><\/p>\n<p>You can check the full session <a href=\"https:\/\/www.youtube.com\/watch?t=9037&amp;v=wuOVfgDgK7g&amp;feature=youtu.be\">here.<\/a><\/p>\n<p>Learn more:<a href=\"https:\/\/financiamientoverdeincluyente.com\/festival-financiamiento-verde-incluyente-2022.html\"> Green and Inclusive Financing Festival 2022<\/a><\/p>\n<p>&nbsp;<\/p>\n<p><a href=\"https:\/\/financiamientoverdeincluyente.com\/festival-financiamiento-verde-incluyente-2022.html\"><img loading=\"lazy\" decoding=\"async\" class=\"alignnone size-full wp-image-28536\" src=\"https:\/\/iki-alliance.mx\/wp-content\/uploads\/financiamiento-verde-logo.png\" alt=\"\" width=\"400\" height=\"200\" srcset=\"https:\/\/iki-alliance.mx\/wp-content\/uploads\/financiamiento-verde-logo.png 400w, https:\/\/iki-alliance.mx\/wp-content\/uploads\/financiamiento-verde-logo-360x180.png 360w\" sizes=\"auto, (max-width: 400px) 100vw, 400px\" \/><\/a><\/p>\n","protected":false},"excerpt":{"rendered":"<p>Mobilising finance is key to addressing climate change and moving towards low-carbon and resilient economies. These efforts require multi-stakeholder and multi-sector collaboration that include youth, who are contributing to increasing the resilience of their communities by proposing innovative solutions, leading climate action and driving change for the sustainable future we all want to build. Considering the importance of their inclusion, as part of the Festival of Green and Inclusive Finance 2022 (FFVI), the Working Group on Sustainable, Green and Climate Finance (GT-FIN SVC) of the Deutsche Gesellschaft f\u00fcr Internationale Zusammenarbeit (GIZ) GmbH and the Tecnol\u00f3gico de Monterrey launched the national<\/p>\n","protected":false},"author":84,"featured_media":28850,"comment_status":"closed","ping_status":"open","sticky":false,"template":"","format":"standard","meta":{"_acf_changed":false,"footnotes":""},"categories":[736,675,723,673,726,722,724],"tags":[904,921,1227],"tax1":[],"tax2":[],"tax3":[],"tax4":[],"class_list":["post-29619","post","type-post","status-publish","format-standard","has-post-thumbnail","hentry","category-downloadable","category-finance","category-sustainable-cities-and-communities","category-climate-action","category-life-on-land","category-revitalize-the-global-partnership-for-sustainable-development","category-affordable-and-clean-energy","tag-accion-climatica-en","tag-financiamiento-verde-en","tag-juventudes-en"],"acf":[],"_links":{"self":[{"href":"https:\/\/iki-alliance.mx\/en\/wp-json\/wp\/v2\/posts\/29619","targetHints":{"allow":["GET"]}}],"collection":[{"href":"https:\/\/iki-alliance.mx\/en\/wp-json\/wp\/v2\/posts"}],"about":[{"href":"https:\/\/iki-alliance.mx\/en\/wp-json\/wp\/v2\/types\/post"}],"author":[{"embeddable":true,"href":"https:\/\/iki-alliance.mx\/en\/wp-json\/wp\/v2\/users\/84"}],"replies":[{"embeddable":true,"href":"https:\/\/iki-alliance.mx\/en\/wp-json\/wp\/v2\/comments?post=29619"}],"version-history":[{"count":2,"href":"https:\/\/iki-alliance.mx\/en\/wp-json\/wp\/v2\/posts\/29619\/revisions"}],"predecessor-version":[{"id":29621,"href":"https:\/\/iki-alliance.mx\/en\/wp-json\/wp\/v2\/posts\/29619\/revisions\/29621"}],"wp:featuredmedia":[{"embeddable":true,"href":"https:\/\/iki-alliance.mx\/en\/wp-json\/wp\/v2\/media\/28850"}],"wp:attachment":[{"href":"https:\/\/iki-alliance.mx\/en\/wp-json\/wp\/v2\/media?parent=29619"}],"wp:term":[{"taxonomy":"category","embeddable":true,"href":"https:\/\/iki-alliance.mx\/en\/wp-json\/wp\/v2\/categories?post=29619"},{"taxonomy":"post_tag","embeddable":true,"href":"https:\/\/iki-alliance.mx\/en\/wp-json\/wp\/v2\/tags?post=29619"},{"taxonomy":"tax1","embeddable":true,"href":"https:\/\/iki-alliance.mx\/en\/wp-json\/wp\/v2\/tax1?post=29619"},{"taxonomy":"tax2","embeddable":true,"href":"https:\/\/iki-alliance.mx\/en\/wp-json\/wp\/v2\/tax2?post=29619"},{"taxonomy":"tax3","embeddable":true,"href":"https:\/\/iki-alliance.mx\/en\/wp-json\/wp\/v2\/tax3?post=29619"},{"taxonomy":"tax4","embeddable":true,"href":"https:\/\/iki-alliance.mx\/en\/wp-json\/wp\/v2\/tax4?post=29619"}],"curies":[{"name":"wp","href":"https:\/\/api.w.org\/{rel}","templated":true}]}}