{"id":29608,"date":"2022-07-26T15:12:45","date_gmt":"2022-07-26T20:12:45","guid":{"rendered":"https:\/\/iki-alliance.mx\/tercera-edicion-de-los-grupos-de-accion-de-cambio-climatico\/"},"modified":"2023-01-27T13:11:17","modified_gmt":"2023-01-27T19:11:17","slug":"tercera-edicion-de-los-grupos-de-accion-de-cambio-climatico","status":"publish","type":"post","link":"https:\/\/iki-alliance.mx\/en\/tercera-edicion-de-los-grupos-de-accion-de-cambio-climatico\/","title":{"rendered":"Third edition of the Climate Change Action Groups: thinking local for global change"},"content":{"rendered":"<p>The third edition of the Climate Change Action Groups (<a href=\"https:\/\/padlet.com\/sofiaexus\/aq7qa3kgu0xhdx52\">CCAGs<\/a>) was a space for dialogue and exchange of experiences between public servants at the subnational level that allowed them to hear first-hand about experiences, successes and areas of opportunity in the implementation of projects on green infrastructure, circular economies, society and climate. This initiative has been created by the <em>Deutsche Gesellschaft f\u00fcr Internationale Zusammenarbeit (<\/em><a href=\"https:\/\/www.giz.de\/en\/worldwide\/33041.html\"><em>GIZ<\/em><\/a><em>) GmbH<\/em> in collaboration with the Mexican Association of Municipal Planning Institutes (<a href=\"http:\/\/www.amimp.org.mx\/\">AMIMP<\/a>), the Mexican Climate Community (<a href=\"https:\/\/comunidadclimaticamexicana.mx\/\">CCM<\/a>) and Local Governments for Sustainability (<a href=\"https:\/\/iclei.org.mx\/\">ICLEI<\/a>).<\/p>\n<p>&nbsp;<\/p>\n<p>Held from <strong>4 to 7 July<\/strong>, the GACCs focused on a specific theme each day. In total, <strong>596 people<\/strong> participated, and <strong>25 sessions<\/strong> were held to share experiences about case studies and the implementation of best practices at the local level. For example, <strong>three keynote speeches<\/strong> by representatives from Germany discussed examples of important projects that address the impacts of climate change \u2013 from the experiences of various cities such as Freiburg in the circular economy; the Berlin Climate Change Action Plan 2022-2026; and the Hamburg Green Network.<\/p>\n<figure id=\"attachment_28731\" aria-describedby=\"caption-attachment-28731\" style=\"width: 331px\" class=\"wp-caption aligncenter\"><img loading=\"lazy\" decoding=\"async\" class=\"wp-image-28731 size-full\" src=\"https:\/\/iki-alliance.mx\/wp-content\/uploads\/GACC_Articulo.png\" alt=\"\" width=\"331\" height=\"305\" \/><figcaption id=\"caption-attachment-28731\" class=\"wp-caption-text\">Grupos de Acci\u00f3n de Cambio Clim\u00e1tico 2022 \u00a9 GIZ M\u00e9xico, 2022<\/figcaption><\/figure>\n<p>Below, find a summary of the four days of the GACC.<\/p>\n<h3><strong>Green Infrastructure<\/strong><\/h3>\n<p>The focus of the first day was on green infrastructure. Green infrastructure can be used, for example, to reduce runoff in times of rainfall by harnessing the retention and absorption capacities of vegetation and soil. In these cases, green infrastructure, in addition to meeting the needs of human societies, can increase carbon sequestration, improve air quality, mitigate the urban heat island effect and increase resilience in vulnerable populations, such as coastal cities.<\/p>\n<p>One of the experiences highlighted was that of Tuxtla Guti\u00e9rrez, Chiapas, in particular the process of developing its municipal green infrastructure standard and how coordination between different areas of the municipal government supports such initiatives. <a href=\"https:\/\/rediv.infraestructuraverdeyciudades.com\/\">The Green Infrastructure Network<\/a> promoted by GIZ Mexico through the CiClim and BIOCITIS projects was presented.<\/p>\n<figure id=\"attachment_28749\" aria-describedby=\"caption-attachment-28749\" style=\"width: 640px\" class=\"wp-caption aligncenter\"><img loading=\"lazy\" decoding=\"async\" class=\"size-large wp-image-28749\" src=\"https:\/\/iki-alliance.mx\/wp-content\/uploads\/\/GACC_InfraVerde-700x394.jpeg\" alt=\"\" width=\"640\" height=\"360\" srcset=\"https:\/\/iki-alliance.mx\/wp-content\/uploads\/GACC_InfraVerde-700x394.jpeg 700w, https:\/\/iki-alliance.mx\/wp-content\/uploads\/GACC_InfraVerde-360x203.jpeg 360w, https:\/\/iki-alliance.mx\/wp-content\/uploads\/GACC_InfraVerde-768x432.jpeg 768w, https:\/\/iki-alliance.mx\/wp-content\/uploads\/GACC_InfraVerde.jpeg 1280w\" sizes=\"auto, (max-width: 640px) 100vw, 640px\" \/><figcaption id=\"caption-attachment-28749\" class=\"wp-caption-text\">Keynote address &#8220;The Hamburg Green Network and citizen participation processes&#8221; given by Dr. Cornelia Peters from the Beh\u00f6rde f\u00fcr Umwelt, Klima, Energie und Agrarwirtschaft (BUKEA)<\/figcaption><\/figure>\n<p><strong>Circular Economy<\/strong><\/p>\n<p>On the second day, experiences were exchanged on circular economy instruments, sustainable consumption of electronic devices and inter-municipal solutions to reduce plastic pollution. They also discussed the implementation of energy efficiency and how it can reduce pressure on the environment, improving efficiency in the supply chain of raw materials and promoting economic growth and increased employment.<\/p>\n<p>During the parallel sessions, state authorities expressed strong interest in generating a shared network of knowledge and information on recycling centres and events through the <a href=\"https:\/\/iki-alliance.mx\/llega-raeco-la-nueva-forma-de-gestionar-y-consumir-sustentablemente-aparatos-electronicos\/\">RAECO<\/a> mobile application implemented by GIZ. Representatives from Chiapas, Chihuahua and the State of Mexico showed interest in including their own events in the application.<\/p>\n<figure id=\"attachment_28746\" aria-describedby=\"caption-attachment-28746\" style=\"width: 640px\" class=\"wp-caption aligncenter\"><a href=\"https:\/\/raeco.org.mx\/\"><img loading=\"lazy\" decoding=\"async\" class=\"wp-image-28746 size-large\" src=\"https:\/\/iki-alliance.mx\/wp-content\/uploads\/\/GACC_RAECO-700x394.jpeg\" alt=\"\" width=\"640\" height=\"360\" srcset=\"https:\/\/iki-alliance.mx\/wp-content\/uploads\/GACC_RAECO-700x394.jpeg 700w, https:\/\/iki-alliance.mx\/wp-content\/uploads\/GACC_RAECO-360x203.jpeg 360w, https:\/\/iki-alliance.mx\/wp-content\/uploads\/GACC_RAECO-768x432.jpeg 768w, https:\/\/iki-alliance.mx\/wp-content\/uploads\/GACC_RAECO.jpeg 960w\" sizes=\"auto, (max-width: 640px) 100vw, 640px\" \/><\/a><figcaption id=\"caption-attachment-28746\" class=\"wp-caption-text\">Presentaci\u00f3n de RAECO en la sesi\u00f3n &#8220;Consumo sustentable de aparatos electr\u00f3nicos&#8221; de los GACC<\/figcaption><\/figure>\n<p><strong>Society and Climate Change<\/strong><\/p>\n<p>The cornerstone of the third day was the role of society in climate change. They discussed how different sectors of society play a key role in climate governance because the willingness of business, government, academia and civil society can have a positive or negative impact on the fight against global temperature rise.<\/p>\n<figure id=\"attachment_28743\" aria-describedby=\"caption-attachment-28743\" style=\"width: 640px\" class=\"wp-caption aligncenter\"><img loading=\"lazy\" decoding=\"async\" class=\"size-large wp-image-28743\" src=\"https:\/\/iki-alliance.mx\/wp-content\/uploads\/\/GACC_SocyCC-700x394.jpeg\" alt=\"\" width=\"640\" height=\"360\" srcset=\"https:\/\/iki-alliance.mx\/wp-content\/uploads\/GACC_SocyCC-700x394.jpeg 700w, https:\/\/iki-alliance.mx\/wp-content\/uploads\/GACC_SocyCC-360x203.jpeg 360w, https:\/\/iki-alliance.mx\/wp-content\/uploads\/GACC_SocyCC-768x432.jpeg 768w, https:\/\/iki-alliance.mx\/wp-content\/uploads\/GACC_SocyCC.jpeg 960w\" sizes=\"auto, (max-width: 640px) 100vw, 640px\" \/><figcaption id=\"caption-attachment-28743\" class=\"wp-caption-text\">Ponencia Magistral &#8220;Plan de Cambio Clim\u00e1tico en Berlin 2022 &#8211; 2026&#8221; impartida por Alejandro Fanegas, Berliner Energieagentur GmbH.<\/figcaption><\/figure>\n<p><strong>Digitalisation tools<\/strong><\/p>\n<p>Finally, the last day addressed the importance of digital tools in accelerating the transition towards a circular economy and the fulfilment of the Sustainable Development Goals (SDGs), especially as related to the ultimate goal of improving the quality of life in urban populations.<\/p>\n<figure id=\"attachment_28740\" aria-describedby=\"caption-attachment-28740\" style=\"width: 640px\" class=\"wp-caption aligncenter\"><img loading=\"lazy\" decoding=\"async\" class=\"size-large wp-image-28740\" src=\"https:\/\/iki-alliance.mx\/wp-content\/uploads\/\/GACC_Digitalizacion-700x394.jpeg\" alt=\"\" width=\"640\" height=\"360\" srcset=\"https:\/\/iki-alliance.mx\/wp-content\/uploads\/GACC_Digitalizacion-700x394.jpeg 700w, https:\/\/iki-alliance.mx\/wp-content\/uploads\/GACC_Digitalizacion-360x203.jpeg 360w, https:\/\/iki-alliance.mx\/wp-content\/uploads\/GACC_Digitalizacion-768x432.jpeg 768w, https:\/\/iki-alliance.mx\/wp-content\/uploads\/GACC_Digitalizacion.jpeg 960w\" sizes=\"auto, (max-width: 640px) 100vw, 640px\" \/><figcaption id=\"caption-attachment-28740\" class=\"wp-caption-text\">Keynote address &#8220;How does digitization help the sustainable development of cities?&#8221; Taught by Ileana Cer\u00f3n from FabCity Yucat\u00e1n<\/figcaption><\/figure>\n<p>The creation of this type of space for the exchange of ideas and experiences allows for the construction of synergies between public and private sector actors at the local, national and international level to learn about progress, challenges and opportunities, as well as to create alliances in the fight against climate change.<\/p>\n<p>Thus, for the third consecutive year, the GACCs have collaborated to strengthen and improve communication and the implementation of local projects that contribute significantly to the achievement of the Sustainable Development Goals and climate change mitigation and adaptation.<\/p>\n<p><img loading=\"lazy\" decoding=\"async\" class=\"size-large wp-image-28754 aligncenter\" src=\"https:\/\/iki-alliance.mx\/wp-content\/uploads\/\/GACC_Collage-700x394.jpg\" alt=\"\" width=\"640\" height=\"360\" srcset=\"https:\/\/iki-alliance.mx\/wp-content\/uploads\/GACC_Collage-700x394.jpg 700w, https:\/\/iki-alliance.mx\/wp-content\/uploads\/GACC_Collage-360x203.jpg 360w, https:\/\/iki-alliance.mx\/wp-content\/uploads\/GACC_Collage-768x432.jpg 768w, https:\/\/iki-alliance.mx\/wp-content\/uploads\/GACC_Collage-1536x864.jpg 1536w, https:\/\/iki-alliance.mx\/wp-content\/uploads\/GACC_Collage.jpg 1920w\" sizes=\"auto, (max-width: 640px) 100vw, 640px\" \/><\/p>\n<p><a href=\"https:\/\/iki-alliance.mx\/wp-content\/uploads\/Resumen-GACC-2022.pdf\">Check the summary of the event here<\/a><\/p>\n<h3><strong>Press:<\/strong><\/h3>\n<ul>\n<li><a href=\"https:\/\/www.portalambiental.com.mx\/sostenibilidad\/20220705\/arranca-en-mexico-la-tercera-edicion-de-los-grupos-de-accion-de-cambio\">Arranca en M\u00e9xico la tercera edici\u00f3n de los Grupos de Acci\u00f3n de Cambio Clim\u00e1tico<\/a><\/li>\n<li><a href=\"https:\/\/oilandgasmagazine.com.mx\/2022\/07\/cierran-con-exito-la-edicion-2022-de-los-grupos-de-accion-de-cambio-climatico-en-el-ambito-local\/\">Cierran con \u00e9xito la edici\u00f3n 2022 de los Grupos de Acci\u00f3n de Cambio Clim\u00e1tico en el \u00e1mbito local<\/a><\/li>\n<li><a href=\"http:\/\/www.pasajero7.com\/cierra-la-edicion-2022-los-grupos-accion-cambio-climatico\/?platform=hootsuite\">Cierra la edici\u00f3n 2022 de los Grupos de Acci\u00f3n de Cambio Clim\u00e1tico<\/a><\/li>\n<li><a href=\"https:\/\/www.cronica.com.mx\/academia\/alianza-mexico-alemania-realiza-acciones-mitigar-cambio-climatico.html\">Alianza M\u00e9xico-Alemania realiza acciones para mitigar el cambio clim\u00e1tico<\/a><\/li>\n<\/ul>\n<h3>Presentations:<\/h3>\n<h4><strong>Day 1<\/strong><\/h4>\n<p><strong>10:00 \u2013 11:00<\/strong> <a href=\"https:\/\/iki-alliance.mx\/wp-content\/uploads\/1.-Ponencia-magistral-Friburgo-y-la-economi\u0301a-circular.pdf\">Ponencia magistral Friburgo y la econom\u00eda circular<\/a><\/p>\n<p><strong>11:00 \u2013 12:30<\/strong> Sesiones paralelas<\/p>\n<ul>\n<li><a href=\"https:\/\/iki-alliance.mx\/wp-content\/uploads\/1.-Normar-nueva-forma-de-ciudad.pdf\">Infraestructura verde \u00bfpara qu\u00e9 normar esta nueva forma de hacer ciudad?<\/a><\/li>\n<li><a href=\"https:\/\/iki-alliance.mx\/wp-content\/uploads\/1.-Ciudades-costeras.pdf\">\u00a0Infraestructura verde para resiliencia en ciudades costeras \u00bfc\u00f3mo le damos forma?<\/a><\/li>\n<li><a href=\"https:\/\/iki-alliance.mx\/wp-content\/uploads\/1.-Mecanismos-de-financiamiento-verde.pdf\">Mecanismos de financiamiento para la Infraestructura Verde<\/a><\/li>\n<li><a href=\"https:\/\/iki-alliance.mx\/wp-content\/uploads\/1.-NOM-001.pdf\">El espacio p\u00fablico como elemento estrat\u00e9gico para el desarrollo sostenible de una ciudad<\/a><\/li>\n<li>\u00a0 <a href=\"https:\/\/iki-alliance.mx\/wp-content\/uploads\/1.-Sierra-Zapaliname\u0301.pdf\">Infraestructura verde en la Sierra de Zapalinam\u00e9<\/a><\/li>\n<\/ul>\n<h4><strong>Day 2<\/strong><\/h4>\n<p><strong>10:00 \u2013 11:00<\/strong> <a href=\"https:\/\/iki-alliance.mx\/wp-content\/uploads\/2.-Ponencia-magistral-La-red-Verde-de-Hamburgo.pdf\">Ponencia magistral La Red Verde de Hamburgo y los procesos de participaci\u00f3n ciudadana<\/a><\/p>\n<p><strong>11:00 \u2013 12:30:<\/strong><\/p>\n<ul>\n<li>Soluciones intermunicipales para reducir la contaminaci\u00f3n pl\u00e1stica (marina)<\/li>\n<li><a href=\"https:\/\/iki-alliance.mx\/wp-content\/uploads\/2.-Aparatos-electro\u0301nicos.pdf\">Consumo sustentable de aparatos electr\u00f3nicos<\/a><\/li>\n<li><a href=\"https:\/\/iki-alliance.mx\/wp-content\/uploads\/2.-Retos-y-oportunidades_compressed.pdf\">Retos y oportunidades para la implementaci\u00f3n de la eficiencia energ\u00e9tica bajo un enfoque de Econom\u00eda Circular<\/a><\/li>\n<\/ul>\n<h4><strong>Day 3<\/strong><\/h4>\n<p><strong>10:00 \u2013 11:00<\/strong> <a href=\"https:\/\/iki-alliance.mx\/wp-content\/uploads\/3.-Plan-de-Cambio-Clima\u0301tico-de-Berli\u0301n-2022-2026.pdf\">Ponencia magistral Plan de Cambio Clim\u00e1tico de Berl\u00edn 2022-2026<\/a><\/p>\n<p><strong>11:00 \u2013 12:30:<\/strong><\/p>\n<ul>\n<li><a href=\"https:\/\/iki-alliance.mx\/wp-content\/uploads\/3.-Sector-vivienda-social_compressed.pdf\">El reto de la eficiencia en el sector de vivienda social<\/a><\/li>\n<li><a href=\"https:\/\/iki-alliance.mx\/wp-content\/uploads\/3.-Igualdad-de-ge\u0301nero-y-derechos-humanos.pdf\">Implicaciones del cambio clim\u00e1tico en la igualdad del g\u00e9nero y la defensa de los derechos humanos a trav\u00e9s de la acci\u00f3n clim\u00e1tica<\/a><\/li>\n<li><a href=\"https:\/\/iki-alliance.mx\/wp-content\/uploads\/3.-La-ciudad-que-necesitamos.pdf\">\u201cLa ciudad que necesitamos\u201d: Implementaci\u00f3n en Tuxtla Guti\u00e9rrez, Chiapas<\/a><\/li>\n<li>\u00a0<a href=\"https:\/\/iki-alliance.mx\/wp-content\/uploads\/3.-Igualdad-de-ge\u0301nero-y-derechos-humanos.pdf\">Retos y oportunidades para la gobernanza clim\u00e1tica<\/a><\/li>\n<li><a href=\"https:\/\/iki-alliance.mx\/wp-content\/uploads\/3.-Financiamiento-para-la-accio\u0301n-clima\u0301tica-ambiciosa.pdf\">\u00a0Financiamiento para la acci\u00f3n clim\u00e1tica ambiciosa<\/a><\/li>\n<li><a href=\"https:\/\/iki-alliance.mx\/wp-content\/uploads\/3.-Transversalidad-del-cambio-clima\u0301tico.pdf\">La transversalidad del cambio clim\u00e1tico<\/a><\/li>\n<\/ul>\n<h4><strong>Day 4<\/strong><\/h4>\n<p><strong>10:00-10:40<\/strong> \u00bfC\u00f3mo la digitalizaci\u00f3n ayuda al desarrollo sustentable de las ciudades?<\/p>\n<p><strong>10:50-11:40\u00a0<\/strong><\/p>\n<ul>\n<li><a href=\"https:\/\/iki-alliance.mx\/wp-content\/uploads\/4.-EZ-Parking.pdf\">EZ Parking<\/a><\/li>\n<li><a href=\"https:\/\/iki-alliance.mx\/wp-content\/uploads\/4.-Bici-CO2.pdf\">Calculadora +Bici, -CO2<\/a><\/li>\n<\/ul>\n<p><strong>10:50-12:40<\/strong><\/p>\n<ul>\n<li><a href=\"https:\/\/iki-alliance.mx\/wp-content\/uploads\/4.-Mi-Mercado.pdf\">Mi Mercado<\/a><\/li>\n<li>Blaucorp: recolecci\u00f3n y revalorizaci\u00f3n de residuos para ciudades<\/li>\n<\/ul>\n<p><strong>12:40-13:20<\/strong><\/p>\n<ul>\n<li><a href=\"https:\/\/iki-alliance.mx\/wp-content\/uploads\/4.-A\u0301rbol-MID.pdf\">\u00c1rbolMID<\/a><\/li>\n<li><a href=\"https:\/\/iki-alliance.mx\/wp-content\/uploads\/4.-MAUC.pdf\">Plataforma de Monitoreo Ambiental y Urbano de Ciudades (MAUC)<\/a><\/li>\n<\/ul>\n<p><strong>13:20-13:45<\/strong> <a href=\"https:\/\/iki-alliance.mx\/wp-content\/uploads\/4.-DTC-GACC.pdf\">Presentaci\u00f3n del Centro de Transformaci\u00f3n Digital (DTC M\u00e9xico)<\/a><\/p>\n","protected":false},"excerpt":{"rendered":"<p>The third edition of the Climate Change Action Groups (CCAGs) was a space for dialogue and exchange of experiences between public servants at the subnational level that allowed them to hear first-hand about experiences, successes and areas of opportunity in the implementation of projects on green infrastructure, circular economies, society and climate. This initiative has been created by the Deutsche Gesellschaft f\u00fcr Internationale Zusammenarbeit (GIZ) GmbH in collaboration with the Mexican Association of Municipal Planning Institutes (AMIMP), the Mexican Climate Community (CCM) and Local Governments for Sustainability (ICLEI). &nbsp; Held from 4 to 7 July, the GACCs focused on a<\/p>\n","protected":false},"author":84,"featured_media":28729,"comment_status":"closed","ping_status":"open","sticky":false,"template":"","format":"standard","meta":{"_acf_changed":false,"footnotes":""},"categories":[736,675,723,725,673,726,722,724],"tags":[782,690,784,1354],"tax1":[],"tax2":[],"tax3":[],"tax4":[],"class_list":["post-29608","post","type-post","status-publish","format-standard","has-post-thumbnail","hentry","category-downloadable","category-finance","category-sustainable-cities-and-communities","category-responsible-consumption-and-production","category-climate-action","category-life-on-land","category-revitalize-the-global-partnership-for-sustainable-development","category-affordable-and-clean-energy","tag-adaptacion-en","tag-klimawandel-de-en","tag-mitigacion-en","tag-resiliencia-en"],"acf":[],"_links":{"self":[{"href":"https:\/\/iki-alliance.mx\/en\/wp-json\/wp\/v2\/posts\/29608","targetHints":{"allow":["GET"]}}],"collection":[{"href":"https:\/\/iki-alliance.mx\/en\/wp-json\/wp\/v2\/posts"}],"about":[{"href":"https:\/\/iki-alliance.mx\/en\/wp-json\/wp\/v2\/types\/post"}],"author":[{"embeddable":true,"href":"https:\/\/iki-alliance.mx\/en\/wp-json\/wp\/v2\/users\/84"}],"replies":[{"embeddable":true,"href":"https:\/\/iki-alliance.mx\/en\/wp-json\/wp\/v2\/comments?post=29608"}],"version-history":[{"count":2,"href":"https:\/\/iki-alliance.mx\/en\/wp-json\/wp\/v2\/posts\/29608\/revisions"}],"predecessor-version":[{"id":29610,"href":"https:\/\/iki-alliance.mx\/en\/wp-json\/wp\/v2\/posts\/29608\/revisions\/29610"}],"wp:featuredmedia":[{"embeddable":true,"href":"https:\/\/iki-alliance.mx\/en\/wp-json\/wp\/v2\/media\/28729"}],"wp:attachment":[{"href":"https:\/\/iki-alliance.mx\/en\/wp-json\/wp\/v2\/media?parent=29608"}],"wp:term":[{"taxonomy":"category","embeddable":true,"href":"https:\/\/iki-alliance.mx\/en\/wp-json\/wp\/v2\/categories?post=29608"},{"taxonomy":"post_tag","embeddable":true,"href":"https:\/\/iki-alliance.mx\/en\/wp-json\/wp\/v2\/tags?post=29608"},{"taxonomy":"tax1","embeddable":true,"href":"https:\/\/iki-alliance.mx\/en\/wp-json\/wp\/v2\/tax1?post=29608"},{"taxonomy":"tax2","embeddable":true,"href":"https:\/\/iki-alliance.mx\/en\/wp-json\/wp\/v2\/tax2?post=29608"},{"taxonomy":"tax3","embeddable":true,"href":"https:\/\/iki-alliance.mx\/en\/wp-json\/wp\/v2\/tax3?post=29608"},{"taxonomy":"tax4","embeddable":true,"href":"https:\/\/iki-alliance.mx\/en\/wp-json\/wp\/v2\/tax4?post=29608"}],"curies":[{"name":"wp","href":"https:\/\/api.w.org\/{rel}","templated":true}]}}