{"id":5244,"date":"2016-09-15T13:45:41","date_gmt":"2016-09-15T18:45:41","guid":{"rendered":"https:\/\/iki-alliance.mx\/?p=5244"},"modified":"2018-10-01T14:43:53","modified_gmt":"2018-10-01T19:43:53","slug":"mexiko-unterstreicht-durch-ratifizierung-des-abkommens-von-paris-seine-klimaschutz-ambitionen","status":"publish","type":"post","link":"https:\/\/iki-alliance.mx\/de\/mexiko-unterstreicht-durch-ratifizierung-des-abkommens-von-paris-seine-klimaschutz-ambitionen\/","title":{"rendered":"Mexiko unterstreicht durch Ratifizierung des Abkommens von Paris seine Klimaschutz-Ambitionen"},"content":{"rendered":"<p>Mexiko hat als 40. Land das Paris-Abkommen ratifiziert. Dadurch bekr\u00e4ftigt das Land seine Ambitionen, den globalen Temperaturanstieg unter 2 \u00b0C zu halten und den Weg f\u00fcr eine kohlenstoffarme Zukunft zu ebnen.<!--more--><\/p>\n<figure id=\"attachment_5216\" aria-describedby=\"caption-attachment-5216\" style=\"width: 154px\" class=\"wp-caption alignleft\"><img loading=\"lazy\" decoding=\"async\" class=\"wp-image-5216 size-medium\" src=\"https:\/\/iki-alliance.mx\/wp-content\/uploads\/16451794648_a4dde69226_o-154x250.jpg\" alt=\"16451794648_a4dde69226_o\" width=\"154\" height=\"250\" \/><figcaption id=\"caption-attachment-5216\" class=\"wp-caption-text\">Quelle: UNFCCC Flickr-Account via https:\/\/unfccc.int\/press\/multimedia\/photo_desk\/items\/2775.php<\/figcaption><\/figure>\n<p>Das Abkommen von Paris ist das Ergebnis intensiver internationaler Klima-Verhandlungen, welche als Resultat die globale Verpflichtung zur Reduzierung der Treibhausgasemissionen, die Anpassung an die Auswirkungen des Klimawandels sowie die Finanzierung und den Technologietransfer zwischen den Vertragsparteien hervorbrachte. Zudem sind Mechanismen zur Erh\u00f6hung der Transparenz und Rechenschaftspflicht Bestandteil des Vertragsdokumentes. Durch die Umsetzung des Pariser Abkommens streben die unterzeichnenden L\u00e4nder an, den globalen Temperaturanstieg unter 2\u00b0C zu halten und durch eine weitere Intensivierung der Anstrengungen eine Begrenzung auf maximal 1,5\u00b0C zu erreichen.<\/p>\n<p>Das Abkommen sieht vor, dass ab 2020 die Vertragsstaaten ihre Ziele f\u00fcr die Reduzierung der Treibhausgasemissionen sowie ihre Verpflichtungen zur Anpassung an den Klimawandel alle f\u00fcnf Jahre \u00fcberarbeiten und publizieren. Im Vorfeld des Abkommens und hinsichtlich der ersten Phase von 2020 bis 2030 haben 189 Staaten ihre angestrebten nationalen Beitr\u00e4ge zur Reduzierung der Treibhausgase <em>(Intended Nationally Determined Contributions, INDCs)<\/em> vorgestellt.<\/p>\n<p><a href=\"https:\/\/iki-alliance.mx\/de\/mexiko-veroffentlicht-seine-minderungs-und-anpassungsziele-2020-2030\/\" target=\"_blank\" rel=\"noopener\">Mexiko hat seine INDCs am 27. M\u00e4rz 2015 vorgelegt<\/a>. Das Land verpflichtet sich darin, seine Emissionen unter Einbezug der kurzlebigen Klimagase um 25 Prozent zu verringern. Diese Verpflichtung beinhaltet eine Reduzierung von 22 Prozent der Treibhausgasemissionen und\u00a0 51 Prozent von Black Carbon bis 2030 gegen\u00fcber dem Business-as-usual (nicht konditioniertes Ziel unabh\u00e4ngig von internationaler Unterst\u00fctzung). Zudem besteht eines der Ziele darin, die Anpassungskapazit\u00e4ten von mindestens der H\u00e4lfte der am st\u00e4rksten betroffenen Gemeinden aufzubauen sowie bis 2030 eine Entwaldungsrate von null Prozent zu erreichen.<\/p>\n<p>Mit der Ratifizierung des Abkommens von Paris am 15. September 2016 hat Mexiko seine Klimaziele bekr\u00e4ftigt und verpflichtet sich zudem, diese alle f\u00fcnf Jahre zu \u00fcberpr\u00fcfen. Durch die Ratifizierung werden die INDCs zu national festgelegten Beitr\u00e4gen (Nationally Determined Contributions, NDCs), welche einen rechtsverbindlichen Charakter f\u00fcr das Land besitzen.<\/p>\n<p>Das Abkommen von Paris wurde im Dezember 2015 von 195 L\u00e4ndern w\u00e4hrend der im Rahmen der Klimarahmenkonvention stattfindenden Conference of the Parties (COP21) in der franz\u00f6sischen Hauptstadt angenommen. F\u00fcr das Inkrafttreten des Abkommens ist es erforderlich, dass mindestens 55 L\u00e4nder, welche 55 Prozent der weltweiten Emissionen repr\u00e4sentieren, dieses ratifiziert haben. Mit der Ratifizierung durch den mexikanischen Senat r\u00fcckt das Inkrafttreten des Pariser Abkommens immer n\u00e4her. Zum jetzigen Zeitpunkt sind es bereits 40 L\u00e4nder, die etwa 47 Prozent der globalen Emissionen repr\u00e4sentieren, welche das Abkommen ratifiziert haben (<a href=\"https:\/\/cait.wri.org\/indc\/#\/ratification?lang=en&amp;countries=AR,BR,GH,GN,IR,ML,PA,PG,LK,UA,AE,VU,MX&amp;ratified=BB,BZ,CM,FJ,GD,GY,MV,MH,MU,NR,KP,NO,PW,PS,PE,KN,LC,VC,WS,SC,SO,BS,TV,CN,CK,LA,US\" target=\"_blank\" rel=\"noopener\">WRI CAIT Paris Contributions Map<\/a>).<\/p>\n<p>Am 21. September wird Pr\u00e4sident Pe\u00f1a Nieto die Ratifizierung des Abkommens durch den Senat vor der UN-Generalversammlung in New York verk\u00fcnden.<\/p>\n<p>Weitere Informationen:<\/p>\n<p style=\"color: #000000;\"><a style=\"font-weight: inherit; font-style: inherit; color: #0080bc !important;\" href=\"https:\/\/cait.wri.org\/indc\/#\/ratification?lang=en&amp;countries=AR,BR,GH,GN,IR,ML,PA,PG,LK,UA,AE,VU,MX&amp;ratified=BB,BZ,CM,FJ,GD,GY,MV,MH,MU,NR,KP,NO,PW,PS,PE,KN,LC,VC,WS,SC,SO,BS,TV,CN,CK,LA,US\" target=\"_blank\" rel=\"noopener\">WRI Paris Agreement Tracker<\/a><\/p>\n<p style=\"color: #000000;\"><a href=\"http:\/\/unfccc.int\/paris_agreement\/items\/9485.php\" target=\"_blank\" rel=\"noopener\">UNFCCC Status Ratifizierung Paris Agreement<\/a><\/p>\n<p style=\"color: #000000;\"><a style=\"font-weight: inherit; font-style: inherit; color: #0080bc !important;\" href=\"http:\/\/www.dof.gob.mx\/nota_detalle.php?codigo=5452883&amp;fecha=17\/09\/2016\" target=\"_blank\" rel=\"noopener\">Diario Oficial de la Federaci\u00f3n, Ratificaci\u00f3n del Acuerdo de Par\u00eds (17\/09\/2016)<\/a><\/p>\n","protected":false},"excerpt":{"rendered":"<p>Mexiko hat als 40. Land das Paris-Abkommen ratifiziert. Dadurch bekr\u00e4ftigt das Land seine Ambitionen, den globalen Temperaturanstieg unter 2 \u00b0C zu halten und den Weg f\u00fcr eine kohlenstoffarme Zukunft zu ebnen.<\/p>\n","protected":false},"author":84,"featured_media":5222,"comment_status":"closed","ping_status":"open","sticky":false,"template":"","format":"standard","meta":{"_acf_changed":false,"footnotes":""},"categories":[28,434,585],"tags":[],"tax1":[],"tax2":[],"tax3":[],"tax4":[],"class_list":["post-5244","post","type-post","status-publish","format-standard","has-post-thumbnail","hentry","category-aktuell","category-cop-21","category-unkategorisiert"],"acf":[],"_links":{"self":[{"href":"https:\/\/iki-alliance.mx\/de\/wp-json\/wp\/v2\/posts\/5244","targetHints":{"allow":["GET"]}}],"collection":[{"href":"https:\/\/iki-alliance.mx\/de\/wp-json\/wp\/v2\/posts"}],"about":[{"href":"https:\/\/iki-alliance.mx\/de\/wp-json\/wp\/v2\/types\/post"}],"author":[{"embeddable":true,"href":"https:\/\/iki-alliance.mx\/de\/wp-json\/wp\/v2\/users\/84"}],"replies":[{"embeddable":true,"href":"https:\/\/iki-alliance.mx\/de\/wp-json\/wp\/v2\/comments?post=5244"}],"version-history":[{"count":5,"href":"https:\/\/iki-alliance.mx\/de\/wp-json\/wp\/v2\/posts\/5244\/revisions"}],"predecessor-version":[{"id":13092,"href":"https:\/\/iki-alliance.mx\/de\/wp-json\/wp\/v2\/posts\/5244\/revisions\/13092"}],"wp:featuredmedia":[{"embeddable":true,"href":"https:\/\/iki-alliance.mx\/de\/wp-json\/wp\/v2\/media\/5222"}],"wp:attachment":[{"href":"https:\/\/iki-alliance.mx\/de\/wp-json\/wp\/v2\/media?parent=5244"}],"wp:term":[{"taxonomy":"category","embeddable":true,"href":"https:\/\/iki-alliance.mx\/de\/wp-json\/wp\/v2\/categories?post=5244"},{"taxonomy":"post_tag","embeddable":true,"href":"https:\/\/iki-alliance.mx\/de\/wp-json\/wp\/v2\/tags?post=5244"},{"taxonomy":"tax1","embeddable":true,"href":"https:\/\/iki-alliance.mx\/de\/wp-json\/wp\/v2\/tax1?post=5244"},{"taxonomy":"tax2","embeddable":true,"href":"https:\/\/iki-alliance.mx\/de\/wp-json\/wp\/v2\/tax2?post=5244"},{"taxonomy":"tax3","embeddable":true,"href":"https:\/\/iki-alliance.mx\/de\/wp-json\/wp\/v2\/tax3?post=5244"},{"taxonomy":"tax4","embeddable":true,"href":"https:\/\/iki-alliance.mx\/de\/wp-json\/wp\/v2\/tax4?post=5244"}],"curies":[{"name":"wp","href":"https:\/\/api.w.org\/{rel}","templated":true}]}}